{"id":3532,"date":"2026-09-03T20:01:35","date_gmt":"2026-09-03T18:01:35","guid":{"rendered":"https:\/\/ticker.nemethstarproductions.eu\/?p=3532"},"modified":"2026-09-03T20:09:43","modified_gmt":"2026-09-03T18:09:43","slug":"apple-iphone-keynote-2026-zusammenfassung","status":"publish","type":"post","link":"https:\/\/ticker.nemethstarproductions.eu\/?p=3532","title":{"rendered":"Apple iPhone KeyNote 2026 Zusammenfassung"},"content":{"rendered":"\n<p class=\"wp-block-paragraph\"><a href=\"https:\/\/ticker.nemethstarproductions.eu\/?p=3533\" data-type=\"post\" data-id=\"3533\">Read the article in English<\/a><\/p>\n\n\n\n<p class=\"wp-block-paragraph\">Es ist der 9. September 2026, und es ist das Jahres Event an dem Apple seine neuen iPhones, Apple watches und AirPods pr\u00e4sentiert. Es ist die erste gro\u00dfe KeyNote von John Ternus als neuer Apple CEO. Der ehemalige Hardware-Chef von Apple wird heute eine neue \u00c4ra des iPhones einl\u00e4uten, wie Apple selbst sagt. Ab 18:45 Uhr starten wir diesen Artikel und werden schrittweise alle Infos zu den neuen Hardware Produkten von Apple aktualisieren.<\/p>\n\n\n\n<p class=\"wp-block-paragraph\"><strong>Letztes Update:<\/strong> 3. September 2026 &#8211; 20:09 Uhr (1. Version)<\/p>\n\n\n\n<p class=\"wp-block-paragraph\"><strong>iPhone 18 Pro:<\/strong><\/p>\n\n\n\n<p class=\"wp-block-paragraph\">Alle Infos. <\/p>\n\n\n\n<p class=\"wp-block-paragraph\"><\/p>\n\n\n\n<p class=\"wp-block-paragraph\"><br><em>Photo: Apple<\/em><\/p>\n\n\n\n<p class=\"wp-block-paragraph\"><strong>iPhone 18 Pro Max:<\/strong><\/p>\n\n\n\n<p class=\"wp-block-paragraph\">Alle Infos. <\/p>\n\n\n\n<p class=\"wp-block-paragraph\"><br><em>Photo: Apple<\/em><\/p>\n\n\n\n<p class=\"wp-block-paragraph\"><strong>iPhone Ultra 1:<\/strong><\/p>\n\n\n\n<p class=\"wp-block-paragraph\">Alle Infos. <\/p>\n\n\n\n<p class=\"wp-block-paragraph\"><br><em>Photo: Apple<\/em><\/p>\n\n\n\n<p class=\"wp-block-paragraph\"><strong>Apple watch Series 12:<\/strong><\/p>\n\n\n\n<p class=\"wp-block-paragraph\">Alle Infos. <\/p>\n\n\n\n<p class=\"wp-block-paragraph\"><br><em>Photo: Apple<\/em><\/p>\n\n\n\n<p class=\"wp-block-paragraph\"><strong>Apple watch Ultra 4:<\/strong><\/p>\n\n\n\n<p class=\"wp-block-paragraph\">Alle Infos. <\/p>\n\n\n\n<p class=\"wp-block-paragraph\"><br><em>Photo: Apple<\/em><\/p>\n\n\n\n<p class=\"wp-block-paragraph\"><strong>AirPods 5:<\/strong><\/p>\n\n\n\n<p class=\"wp-block-paragraph\">Alle Infos. <\/p>\n\n\n\n<p class=\"wp-block-paragraph\"><\/p>\n\n\n\n<p class=\"wp-block-paragraph\"><br><em>Photo: Apple<\/em><\/p>\n\n\n\n<p class=\"wp-block-paragraph\"><strong>Weiteres:<\/strong><\/p>\n\n\n\n<p class=\"wp-block-paragraph\">Alle Infos.<\/p>\n\n\n\n<p class=\"wp-block-paragraph\"><strong>Fazit:<\/strong><\/p>\n\n\n\n<p class=\"wp-block-paragraph\">Alle Infos.<\/p>\n","protected":false},"excerpt":{"rendered":"<p>Read the article in English Es ist der 9. September 2026, und es ist das Jahres Event an dem Apple seine neuen iPhones, Apple watches und AirPods pr\u00e4sentiert. Es ist die erste gro\u00dfe KeyNote von John Ternus als neuer Apple CEO. Der ehemalige Hardware-Chef von Apple wird heute eine neue \u00c4ra des iPhones einl\u00e4uten, wie [&hellip;]<\/p>\n","protected":false},"author":1,"featured_media":0,"comment_status":"open","ping_status":"open","sticky":false,"template":"nemethstarpro","format":"standard","meta":{"footnotes":""},"categories":[79,47,78,93,94,60,95,45,58,92,44,97,96],"tags":[],"class_list":["post-3532","post","type-post","status-publish","format-standard","hentry","category-airpods","category-apple","category-apple-watch","category-ios","category-ipados","category-iphone","category-macos","category-privacy","category-security","category-software","category-tech","category-visionos","category-watchos"],"_links":{"self":[{"href":"https:\/\/ticker.nemethstarproductions.eu\/index.php?rest_route=\/wp\/v2\/posts\/3532","targetHints":{"allow":["GET"]}}],"collection":[{"href":"https:\/\/ticker.nemethstarproductions.eu\/index.php?rest_route=\/wp\/v2\/posts"}],"about":[{"href":"https:\/\/ticker.nemethstarproductions.eu\/index.php?rest_route=\/wp\/v2\/types\/post"}],"author":[{"embeddable":true,"href":"https:\/\/ticker.nemethstarproductions.eu\/index.php?rest_route=\/wp\/v2\/users\/1"}],"replies":[{"embeddable":true,"href":"https:\/\/ticker.nemethstarproductions.eu\/index.php?rest_route=%2Fwp%2Fv2%2Fcomments&post=3532"}],"version-history":[{"count":7,"href":"https:\/\/ticker.nemethstarproductions.eu\/index.php?rest_route=\/wp\/v2\/posts\/3532\/revisions"}],"predecessor-version":[{"id":3547,"href":"https:\/\/ticker.nemethstarproductions.eu\/index.php?rest_route=\/wp\/v2\/posts\/3532\/revisions\/3547"}],"wp:attachment":[{"href":"https:\/\/ticker.nemethstarproductions.eu\/index.php?rest_route=%2Fwp%2Fv2%2Fmedia&parent=3532"}],"wp:term":[{"taxonomy":"category","embeddable":true,"href":"https:\/\/ticker.nemethstarproductions.eu\/index.php?rest_route=%2Fwp%2Fv2%2Fcategories&post=3532"},{"taxonomy":"post_tag","embeddable":true,"href":"https:\/\/ticker.nemethstarproductions.eu\/index.php?rest_route=%2Fwp%2Fv2%2Ftags&post=3532"}],"curies":[{"name":"wp","href":"https:\/\/api.w.org\/{rel}","templated":true}]}}